{"id":102,"date":"2024-04-26T15:02:02","date_gmt":"2024-04-26T18:02:02","guid":{"rendered":"https:\/\/www.eduprotic.cl\/wordpress\/?p=102"},"modified":"2024-04-26T15:02:03","modified_gmt":"2024-04-26T18:02:03","slug":"categoria-de-entrevistas","status":"publish","type":"post","link":"https:\/\/www.eduprotic.cl\/wordpress\/2024\/04\/26\/categoria-de-entrevistas\/","title":{"rendered":"Categor\u00eda de entrevistas"},"content":{"rendered":"\n<p>Se ha incorporado una nueva opci\u00f3n en el registro de  las entrevistas a estudiantes, entrevistas a apoderado y acompa\u00f1amiento de curso.<\/p>\n\n\n\n<p>Se puede <strong>asociar una categor\u00eda a cada entrevista<\/strong> o registro, las cuales las crea cada establecimiento, como pueden ser: UTP, Convivencia, Direcci\u00f3n, Profesor jefe, etc. Por defecto todas las actuales, y tambi\u00e9n si no se asigna una distinta al ingresar una nueva, ser\u00e1n asociadas a la categor\u00eda: General.<\/p>\n\n\n\n<p>Cada colegio puede crear sus propias categor\u00edas es: Configuraci\u00f3n, Establecimiento, Par\u00e1metros general, Categor\u00edas de entrevistas.<\/p>\n\n\n\n<p>En los informes de estos tres registros se podr\u00e1 filtrar la informaci\u00f3n por esas categor\u00edas, adem\u00e1s de ver gr\u00e1ficamente la distribuci\u00f3n.<\/p>\n\n\n\n<figure class=\"wp-block-image size-large\"><img loading=\"lazy\" decoding=\"async\" width=\"1024\" height=\"507\" src=\"https:\/\/www.eduprotic.cl\/wordpress\/wp-content\/uploads\/2024\/03\/Captura-de-Pantalla-2024-03-25-a-las-13.11.56-1024x507.png\" alt=\"\" class=\"wp-image-103\" srcset=\"https:\/\/www.eduprotic.cl\/wordpress\/wp-content\/uploads\/2024\/03\/Captura-de-Pantalla-2024-03-25-a-las-13.11.56-1024x507.png 1024w, https:\/\/www.eduprotic.cl\/wordpress\/wp-content\/uploads\/2024\/03\/Captura-de-Pantalla-2024-03-25-a-las-13.11.56-300x149.png 300w, https:\/\/www.eduprotic.cl\/wordpress\/wp-content\/uploads\/2024\/03\/Captura-de-Pantalla-2024-03-25-a-las-13.11.56-768x380.png 768w, https:\/\/www.eduprotic.cl\/wordpress\/wp-content\/uploads\/2024\/03\/Captura-de-Pantalla-2024-03-25-a-las-13.11.56-1536x761.png 1536w\" sizes=\"auto, (max-width: 1024px) 100vw, 1024px\" \/><\/figure>\n","protected":false},"excerpt":{"rendered":"<p>Se ha incorporado una nueva opci\u00f3n en el registro de las entrevistas a estudiantes, entrevistas a apoderado y acompa\u00f1amiento de curso. Se puede asociar una categor\u00eda a cada entrevista o registro, las cuales las crea cada establecimiento, como pueden ser: UTP, Convivencia, Direcci\u00f3n, Profesor jefe, etc. Por defecto todas las actuales, y tambi\u00e9n si no [&hellip;]<\/p>\n","protected":false},"author":2,"featured_media":413,"comment_status":"closed","ping_status":"closed","sticky":false,"template":"","format":"standard","meta":{"footnotes":""},"categories":[5],"tags":[],"class_list":["post-102","post","type-post","status-publish","format-standard","has-post-thumbnail","hentry","category-cmi"],"_links":{"self":[{"href":"https:\/\/www.eduprotic.cl\/wordpress\/wp-json\/wp\/v2\/posts\/102","targetHints":{"allow":["GET"]}}],"collection":[{"href":"https:\/\/www.eduprotic.cl\/wordpress\/wp-json\/wp\/v2\/posts"}],"about":[{"href":"https:\/\/www.eduprotic.cl\/wordpress\/wp-json\/wp\/v2\/types\/post"}],"author":[{"embeddable":true,"href":"https:\/\/www.eduprotic.cl\/wordpress\/wp-json\/wp\/v2\/users\/2"}],"replies":[{"embeddable":true,"href":"https:\/\/www.eduprotic.cl\/wordpress\/wp-json\/wp\/v2\/comments?post=102"}],"version-history":[{"count":1,"href":"https:\/\/www.eduprotic.cl\/wordpress\/wp-json\/wp\/v2\/posts\/102\/revisions"}],"predecessor-version":[{"id":104,"href":"https:\/\/www.eduprotic.cl\/wordpress\/wp-json\/wp\/v2\/posts\/102\/revisions\/104"}],"wp:featuredmedia":[{"embeddable":true,"href":"https:\/\/www.eduprotic.cl\/wordpress\/wp-json\/wp\/v2\/media\/413"}],"wp:attachment":[{"href":"https:\/\/www.eduprotic.cl\/wordpress\/wp-json\/wp\/v2\/media?parent=102"}],"wp:term":[{"taxonomy":"category","embeddable":true,"href":"https:\/\/www.eduprotic.cl\/wordpress\/wp-json\/wp\/v2\/categories?post=102"},{"taxonomy":"post_tag","embeddable":true,"href":"https:\/\/www.eduprotic.cl\/wordpress\/wp-json\/wp\/v2\/tags?post=102"}],"curies":[{"name":"wp","href":"https:\/\/api.w.org\/{rel}","templated":true}]}}