{"id":114,"date":"2024-04-01T18:28:14","date_gmt":"2024-04-01T21:28:14","guid":{"rendered":"https:\/\/www.eduprotic.cl\/wordpress\/?p=114"},"modified":"2024-04-26T14:48:24","modified_gmt":"2024-04-26T17:48:24","slug":"cmi-en-relacion-con-la-ley-tea-n-21-545-certificado-de-asistencia","status":"publish","type":"post","link":"https:\/\/www.eduprotic.cl\/wordpress\/2024\/04\/01\/cmi-en-relacion-con-la-ley-tea-n-21-545-certificado-de-asistencia\/","title":{"rendered":"CMI: En relaci\u00f3n con la LEY TEA N\u00b0 21.545  &#8211; Certificado de Asistencia"},"content":{"rendered":"\n<p>A partir de esta ley, que entr\u00f3 en vigencia el 2024, CMI Escolar incorpora la opci\u00f3n de poder registrar los <strong>episodios de desregulaci\u00f3n  de los estudiantes con TEA<\/strong>, y as\u00ed poder generar el &#8220;<strong>Certificado de Asistencia&#8221;<\/strong> que acredita por parte del establecimiento el d\u00eda y horas en que el apoderado, tutor u otra personas responsable asisti\u00f3 al establecimiento. <\/p>\n\n\n\n<p>Para esto no es necesario que el establecimiento tenga &#8220;PIE&#8221;, pero si es necesario que se haya indicado el diagn\u00f3stico en las caracter\u00edsticas del estudiante en <strong>&#8220;Configuraci\u00f3n, Procesos, Matr\u00edcula, Caracter\u00edsticas de Estudiante&#8221;<\/strong>. <\/p>\n\n\n\n<p>Para quienes usan el &#8220;Libro digital del PIE&#8221;, s\u00f3lo deben haber ingresado al estudiante con ese diagn\u00f3stico para que quede asociado.<\/p>\n\n\n\n<p>Para <strong>hacer el registro de un episodio<\/strong> se debe ir a: <strong>Libro, Acompa\u00f1amiento, Espec\u00edfico, Episodio estudiante TEA.<\/strong>  All\u00ed, se registra el detalle del episodio en los campos indicados.<\/p>\n\n\n\n<p>Tambi\u00e9n se ha incorporado un indicador en el Dashboard inicial.<\/p>\n\n\n\n<figure class=\"wp-block-image size-full is-resized\"><img loading=\"lazy\" decoding=\"async\" width=\"848\" height=\"174\" src=\"https:\/\/www.eduprotic.cl\/wordpress\/wp-content\/uploads\/2024\/04\/Captura-de-Pantalla-2024-04-01-a-las-15.17.38.png\" alt=\"\" class=\"wp-image-120\" style=\"width:494px;height:auto\" srcset=\"https:\/\/www.eduprotic.cl\/wordpress\/wp-content\/uploads\/2024\/04\/Captura-de-Pantalla-2024-04-01-a-las-15.17.38.png 848w, https:\/\/www.eduprotic.cl\/wordpress\/wp-content\/uploads\/2024\/04\/Captura-de-Pantalla-2024-04-01-a-las-15.17.38-300x62.png 300w, https:\/\/www.eduprotic.cl\/wordpress\/wp-content\/uploads\/2024\/04\/Captura-de-Pantalla-2024-04-01-a-las-15.17.38-768x158.png 768w\" sizes=\"auto, (max-width: 848px) 100vw, 848px\" \/><\/figure>\n\n\n\n<p><\/p>\n\n\n\n<p>La <strong>normativa<\/strong> indica en el C\u00f3digo del Trabajo, art\u00edculo 66, incorporado por la Ley N\u00b0 21.545:<\/p>\n\n\n\n<p><em><strong>&#8220;Los trabajadores que sean padres, madres, progenitores o tutores legales de menores de edad -debidamente diagnosticados con Trastorno del Espectro Autista- se encuentran facultados para concurrir a emergencias que afecten su integridad, en los establecimientos educacionales donde asistan a cursar su ense\u00f1anza parvularia, b\u00e1sica y media.&#8221;<\/strong><\/em><\/p>\n\n\n\n<figure class=\"wp-block-image size-large\"><img loading=\"lazy\" decoding=\"async\" width=\"1024\" height=\"371\" src=\"https:\/\/www.eduprotic.cl\/wordpress\/wp-content\/uploads\/2024\/04\/Captura-de-Pantalla-2024-04-01-a-las-15.13.08-1024x371.png\" alt=\"\" class=\"wp-image-118\" srcset=\"https:\/\/www.eduprotic.cl\/wordpress\/wp-content\/uploads\/2024\/04\/Captura-de-Pantalla-2024-04-01-a-las-15.13.08-1024x371.png 1024w, https:\/\/www.eduprotic.cl\/wordpress\/wp-content\/uploads\/2024\/04\/Captura-de-Pantalla-2024-04-01-a-las-15.13.08-300x109.png 300w, https:\/\/www.eduprotic.cl\/wordpress\/wp-content\/uploads\/2024\/04\/Captura-de-Pantalla-2024-04-01-a-las-15.13.08-768x278.png 768w, https:\/\/www.eduprotic.cl\/wordpress\/wp-content\/uploads\/2024\/04\/Captura-de-Pantalla-2024-04-01-a-las-15.13.08-1536x556.png 1536w, https:\/\/www.eduprotic.cl\/wordpress\/wp-content\/uploads\/2024\/04\/Captura-de-Pantalla-2024-04-01-a-las-15.13.08.png 1868w\" sizes=\"auto, (max-width: 1024px) 100vw, 1024px\" \/><\/figure>\n\n\n\n<figure class=\"wp-block-gallery has-nested-images columns-default is-cropped wp-block-gallery-1 is-layout-flex wp-block-gallery-is-layout-flex\">\n<figure class=\"wp-block-image size-large\"><img loading=\"lazy\" decoding=\"async\" width=\"1024\" height=\"576\" data-id=\"125\" src=\"https:\/\/www.eduprotic.cl\/wordpress\/wp-content\/uploads\/2024\/04\/TEA-3-1024x576.jpg\" alt=\"\" class=\"wp-image-125\" srcset=\"https:\/\/www.eduprotic.cl\/wordpress\/wp-content\/uploads\/2024\/04\/TEA-3-1024x576.jpg 1024w, https:\/\/www.eduprotic.cl\/wordpress\/wp-content\/uploads\/2024\/04\/TEA-3-300x169.jpg 300w, https:\/\/www.eduprotic.cl\/wordpress\/wp-content\/uploads\/2024\/04\/TEA-3-768x432.jpg 768w, https:\/\/www.eduprotic.cl\/wordpress\/wp-content\/uploads\/2024\/04\/TEA-3-1536x864.jpg 1536w, https:\/\/www.eduprotic.cl\/wordpress\/wp-content\/uploads\/2024\/04\/TEA-3-320x180.jpg 320w, https:\/\/www.eduprotic.cl\/wordpress\/wp-content\/uploads\/2024\/04\/TEA-3.jpg 1920w\" sizes=\"auto, (max-width: 1024px) 100vw, 1024px\" \/><\/figure>\n\n\n\n<figure class=\"wp-block-image size-large\"><img loading=\"lazy\" decoding=\"async\" width=\"1024\" height=\"576\" data-id=\"129\" src=\"https:\/\/www.eduprotic.cl\/wordpress\/wp-content\/uploads\/2024\/04\/TEA-2-Eduprotic-1024x576.jpg\" alt=\"\" class=\"wp-image-129\" srcset=\"https:\/\/www.eduprotic.cl\/wordpress\/wp-content\/uploads\/2024\/04\/TEA-2-Eduprotic-1024x576.jpg 1024w, https:\/\/www.eduprotic.cl\/wordpress\/wp-content\/uploads\/2024\/04\/TEA-2-Eduprotic-300x169.jpg 300w, https:\/\/www.eduprotic.cl\/wordpress\/wp-content\/uploads\/2024\/04\/TEA-2-Eduprotic-768x432.jpg 768w, https:\/\/www.eduprotic.cl\/wordpress\/wp-content\/uploads\/2024\/04\/TEA-2-Eduprotic-1536x864.jpg 1536w, https:\/\/www.eduprotic.cl\/wordpress\/wp-content\/uploads\/2024\/04\/TEA-2-Eduprotic-320x180.jpg 320w, https:\/\/www.eduprotic.cl\/wordpress\/wp-content\/uploads\/2024\/04\/TEA-2-Eduprotic.jpg 1920w\" sizes=\"auto, (max-width: 1024px) 100vw, 1024px\" \/><\/figure>\n<\/figure>\n","protected":false},"excerpt":{"rendered":"<p>A partir de esta ley, que entr\u00f3 en vigencia el 2024, CMI Escolar incorpora la opci\u00f3n de poder registrar los episodios de desregulaci\u00f3n de los estudiantes con TEA, y as\u00ed poder generar el &#8220;Certificado de Asistencia&#8221; que acredita por parte del establecimiento el d\u00eda y horas en que el apoderado, tutor u otra personas responsable [&hellip;]<\/p>\n","protected":false},"author":2,"featured_media":123,"comment_status":"closed","ping_status":"closed","sticky":false,"template":"","format":"standard","meta":{"footnotes":""},"categories":[5],"tags":[],"class_list":["post-114","post","type-post","status-publish","format-standard","has-post-thumbnail","hentry","category-cmi"],"_links":{"self":[{"href":"https:\/\/www.eduprotic.cl\/wordpress\/wp-json\/wp\/v2\/posts\/114","targetHints":{"allow":["GET"]}}],"collection":[{"href":"https:\/\/www.eduprotic.cl\/wordpress\/wp-json\/wp\/v2\/posts"}],"about":[{"href":"https:\/\/www.eduprotic.cl\/wordpress\/wp-json\/wp\/v2\/types\/post"}],"author":[{"embeddable":true,"href":"https:\/\/www.eduprotic.cl\/wordpress\/wp-json\/wp\/v2\/users\/2"}],"replies":[{"embeddable":true,"href":"https:\/\/www.eduprotic.cl\/wordpress\/wp-json\/wp\/v2\/comments?post=114"}],"version-history":[{"count":8,"href":"https:\/\/www.eduprotic.cl\/wordpress\/wp-json\/wp\/v2\/posts\/114\/revisions"}],"predecessor-version":[{"id":132,"href":"https:\/\/www.eduprotic.cl\/wordpress\/wp-json\/wp\/v2\/posts\/114\/revisions\/132"}],"wp:featuredmedia":[{"embeddable":true,"href":"https:\/\/www.eduprotic.cl\/wordpress\/wp-json\/wp\/v2\/media\/123"}],"wp:attachment":[{"href":"https:\/\/www.eduprotic.cl\/wordpress\/wp-json\/wp\/v2\/media?parent=114"}],"wp:term":[{"taxonomy":"category","embeddable":true,"href":"https:\/\/www.eduprotic.cl\/wordpress\/wp-json\/wp\/v2\/categories?post=114"},{"taxonomy":"post_tag","embeddable":true,"href":"https:\/\/www.eduprotic.cl\/wordpress\/wp-json\/wp\/v2\/tags?post=114"}],"curies":[{"name":"wp","href":"https:\/\/api.w.org\/{rel}","templated":true}]}}