{"id":319,"date":"2024-04-25T12:32:49","date_gmt":"2024-04-25T15:32:49","guid":{"rendered":"https:\/\/www.eduprotic.cl\/wordpress\/?p=319"},"modified":"2024-04-26T19:27:45","modified_gmt":"2024-04-26T22:27:45","slug":"edicion-de-observaciones-personalizadas","status":"publish","type":"post","link":"https:\/\/www.eduprotic.cl\/wordpress\/2024\/04\/25\/edicion-de-observaciones-personalizadas\/","title":{"rendered":"Edici\u00f3n de observaciones personalizadas"},"content":{"rendered":"\n<p>Con el fin de mantener actualizas las observaciones que est\u00e1n disponibles en <strong>CMI Escolar<\/strong> y los <strong>RICE<\/strong> de cada establecimiento, hemos dispuesto una nueva funcionalidad donde se puede <strong>agregar<\/strong>, <strong>modificar, activar o desactivar<\/strong> <strong>las observaciones<\/strong>.<\/p>\n\n\n\n<figure class=\"wp-block-image size-large is-resized\"><img loading=\"lazy\" decoding=\"async\" width=\"1024\" height=\"519\" src=\"https:\/\/www.eduprotic.cl\/wordpress\/wp-content\/uploads\/2024\/04\/Captura-de-Pantalla-2024-04-25-a-las-18.04.13-1024x519.png\" alt=\"\" class=\"wp-image-334\" style=\"width:354px;height:auto\" srcset=\"https:\/\/www.eduprotic.cl\/wordpress\/wp-content\/uploads\/2024\/04\/Captura-de-Pantalla-2024-04-25-a-las-18.04.13-1024x519.png 1024w, https:\/\/www.eduprotic.cl\/wordpress\/wp-content\/uploads\/2024\/04\/Captura-de-Pantalla-2024-04-25-a-las-18.04.13-300x152.png 300w, https:\/\/www.eduprotic.cl\/wordpress\/wp-content\/uploads\/2024\/04\/Captura-de-Pantalla-2024-04-25-a-las-18.04.13-768x390.png 768w, https:\/\/www.eduprotic.cl\/wordpress\/wp-content\/uploads\/2024\/04\/Captura-de-Pantalla-2024-04-25-a-las-18.04.13.png 1250w\" sizes=\"auto, (max-width: 1024px) 100vw, 1024px\" \/><\/figure>\n\n\n\n<p><strong>AGREGAR<\/strong>: Pinchando en el bot\u00f3n verde de agregar nueva observaci\u00f3n se pueden incorporar nuevas observaciones asociadas a una categor\u00eda, agregando el c\u00f3digo y la observaci\u00f3n.<\/p>\n\n\n\n<p><\/p>\n\n\n\n<figure class=\"wp-block-image size-large is-resized\"><img loading=\"lazy\" decoding=\"async\" width=\"1024\" height=\"388\" src=\"https:\/\/www.eduprotic.cl\/wordpress\/wp-content\/uploads\/2024\/04\/Captura-de-Pantalla-2024-04-25-a-las-18.04.23-1024x388.png\" alt=\"\" class=\"wp-image-335\" style=\"width:550px;height:auto\" srcset=\"https:\/\/www.eduprotic.cl\/wordpress\/wp-content\/uploads\/2024\/04\/Captura-de-Pantalla-2024-04-25-a-las-18.04.23-1024x388.png 1024w, https:\/\/www.eduprotic.cl\/wordpress\/wp-content\/uploads\/2024\/04\/Captura-de-Pantalla-2024-04-25-a-las-18.04.23-300x114.png 300w, https:\/\/www.eduprotic.cl\/wordpress\/wp-content\/uploads\/2024\/04\/Captura-de-Pantalla-2024-04-25-a-las-18.04.23-768x291.png 768w, https:\/\/www.eduprotic.cl\/wordpress\/wp-content\/uploads\/2024\/04\/Captura-de-Pantalla-2024-04-25-a-las-18.04.23-1536x583.png 1536w, https:\/\/www.eduprotic.cl\/wordpress\/wp-content\/uploads\/2024\/04\/Captura-de-Pantalla-2024-04-25-a-las-18.04.23-1920x728.png 1920w\" sizes=\"auto, (max-width: 1024px) 100vw, 1024px\" \/><\/figure>\n\n\n\n<p><strong>MODIFICAR<\/strong>: Se puede pinchar sobre la observaciones y modificar su contenido y redacci\u00f3n de la misma. Es importante que si modifica la redacci\u00f3n de la observaci\u00f3n, no el sentido de la misma, sino que como una nueva, se perder\u00e1 la referencia de las observaciones ya registradas con esa opci\u00f3n. Por eso la recomendaci\u00f3n es modificar cuando se conserva el sentido de la observaci\u00f3n.<\/p>\n\n\n\n<p><\/p>\n\n\n\n<figure class=\"wp-block-image size-full is-resized\"><img loading=\"lazy\" decoding=\"async\" width=\"248\" height=\"430\" src=\"https:\/\/www.eduprotic.cl\/wordpress\/wp-content\/uploads\/2024\/04\/Captura-de-Pantalla-2024-04-25-a-las-18.04.55.png\" alt=\"\" class=\"wp-image-336\" style=\"width:100px;height:auto\" srcset=\"https:\/\/www.eduprotic.cl\/wordpress\/wp-content\/uploads\/2024\/04\/Captura-de-Pantalla-2024-04-25-a-las-18.04.55.png 248w, https:\/\/www.eduprotic.cl\/wordpress\/wp-content\/uploads\/2024\/04\/Captura-de-Pantalla-2024-04-25-a-las-18.04.55-173x300.png 173w\" sizes=\"auto, (max-width: 248px) 100vw, 248px\" \/><\/figure>\n\n\n\n<p><strong>ACTIVADO<\/strong>: Las observaciones activas son las que aparecer\u00e1n disponibles para ser registradas como una observaci\u00f3n a un estudiante.<\/p>\n\n\n\n<p><\/p>\n\n\n\n<p><strong>DESACTIVADO<\/strong>: Las observaciones cuando est\u00e1n desactivadas no aparecer\u00e1n en el listado de observaciones disponibles para registrar a un estudiante, pero seguir\u00e1n apareciendo en los informes de cada estudiante si alguna vez se les registro esa observaci\u00f3n, aunque se encuentre ahora desactivada.<\/p>\n\n\n\n<figure class=\"wp-block-image size-large\"><img loading=\"lazy\" decoding=\"async\" width=\"1024\" height=\"587\" src=\"https:\/\/www.eduprotic.cl\/wordpress\/wp-content\/uploads\/2024\/04\/Captura-de-Pantalla-2024-04-25-a-las-17.59.14-1024x587.png\" alt=\"\" class=\"wp-image-332\" srcset=\"https:\/\/www.eduprotic.cl\/wordpress\/wp-content\/uploads\/2024\/04\/Captura-de-Pantalla-2024-04-25-a-las-17.59.14-1024x587.png 1024w, https:\/\/www.eduprotic.cl\/wordpress\/wp-content\/uploads\/2024\/04\/Captura-de-Pantalla-2024-04-25-a-las-17.59.14-300x172.png 300w, https:\/\/www.eduprotic.cl\/wordpress\/wp-content\/uploads\/2024\/04\/Captura-de-Pantalla-2024-04-25-a-las-17.59.14-768x440.png 768w, https:\/\/www.eduprotic.cl\/wordpress\/wp-content\/uploads\/2024\/04\/Captura-de-Pantalla-2024-04-25-a-las-17.59.14-1536x880.png 1536w, https:\/\/www.eduprotic.cl\/wordpress\/wp-content\/uploads\/2024\/04\/Captura-de-Pantalla-2024-04-25-a-las-17.59.14-1920x1100.png 1920w\" sizes=\"auto, (max-width: 1024px) 100vw, 1024px\" \/><\/figure>\n\n\n\n<p><\/p>\n\n\n\n<p>Si a\u00fan no han ingresado las observaciones del RICE de su establecimiento, favor de comunicarse con la persona que les brinda soporte de CMI para habilitar esta opci\u00f3n.<\/p>\n","protected":false},"excerpt":{"rendered":"<p>Con el fin de mantener actualizas las observaciones que est\u00e1n disponibles en CMI Escolar y los RICE de cada establecimiento, hemos dispuesto una nueva funcionalidad donde se puede agregar, modificar, activar o desactivar las observaciones. AGREGAR: Pinchando en el bot\u00f3n verde de agregar nueva observaci\u00f3n se pueden incorporar nuevas observaciones asociadas a una categor\u00eda, agregando [&hellip;]<\/p>\n","protected":false},"author":2,"featured_media":329,"comment_status":"closed","ping_status":"closed","sticky":false,"template":"","format":"standard","meta":{"footnotes":""},"categories":[5],"tags":[],"class_list":["post-319","post","type-post","status-publish","format-standard","has-post-thumbnail","hentry","category-cmi"],"_links":{"self":[{"href":"https:\/\/www.eduprotic.cl\/wordpress\/wp-json\/wp\/v2\/posts\/319","targetHints":{"allow":["GET"]}}],"collection":[{"href":"https:\/\/www.eduprotic.cl\/wordpress\/wp-json\/wp\/v2\/posts"}],"about":[{"href":"https:\/\/www.eduprotic.cl\/wordpress\/wp-json\/wp\/v2\/types\/post"}],"author":[{"embeddable":true,"href":"https:\/\/www.eduprotic.cl\/wordpress\/wp-json\/wp\/v2\/users\/2"}],"replies":[{"embeddable":true,"href":"https:\/\/www.eduprotic.cl\/wordpress\/wp-json\/wp\/v2\/comments?post=319"}],"version-history":[{"count":7,"href":"https:\/\/www.eduprotic.cl\/wordpress\/wp-json\/wp\/v2\/posts\/319\/revisions"}],"predecessor-version":[{"id":342,"href":"https:\/\/www.eduprotic.cl\/wordpress\/wp-json\/wp\/v2\/posts\/319\/revisions\/342"}],"wp:featuredmedia":[{"embeddable":true,"href":"https:\/\/www.eduprotic.cl\/wordpress\/wp-json\/wp\/v2\/media\/329"}],"wp:attachment":[{"href":"https:\/\/www.eduprotic.cl\/wordpress\/wp-json\/wp\/v2\/media?parent=319"}],"wp:term":[{"taxonomy":"category","embeddable":true,"href":"https:\/\/www.eduprotic.cl\/wordpress\/wp-json\/wp\/v2\/categories?post=319"},{"taxonomy":"post_tag","embeddable":true,"href":"https:\/\/www.eduprotic.cl\/wordpress\/wp-json\/wp\/v2\/tags?post=319"}],"curies":[{"name":"wp","href":"https:\/\/api.w.org\/{rel}","templated":true}]}}