{"id":452,"date":"2024-05-08T14:55:10","date_gmt":"2024-05-08T17:55:10","guid":{"rendered":"https:\/\/www.eduprotic.cl\/wordpress\/?p=452"},"modified":"2024-05-08T17:24:30","modified_gmt":"2024-05-08T20:24:30","slug":"actualizacion-informe-asistencia-diaria","status":"publish","type":"post","link":"https:\/\/www.eduprotic.cl\/wordpress\/2024\/05\/08\/actualizacion-informe-asistencia-diaria\/","title":{"rendered":"Actualizaci\u00f3n informe: Asistencia diaria"},"content":{"rendered":"\n<p>Se ha incorporado nueva informaci\u00f3n en la <strong>vista de la asistencia diaria <\/strong>que se utiliza para ver la asistencia del<strong> Bloque SIGE<\/strong>. Esto se encuentra en Reportes, Participaci\u00f3n, Asistencia, Registro del d\u00eda.<\/p>\n\n\n\n<p>Junto con la informaci\u00f3n que ya se entregaba en este informe: <strong>Asistencia del d\u00eda<\/strong> de cada estudiante en el bloque SIGE, Cantidad de estudiante <strong>presentes y ausentes<\/strong> por curso, y lo mismo en relaci\u00f3n a <strong>hombres y mujeres<\/strong>. (Cuadro siguiente)<\/p>\n\n\n<div class=\"wp-block-image\">\n<figure class=\"aligncenter size-large is-resized\"><img loading=\"lazy\" decoding=\"async\" width=\"1024\" height=\"574\" src=\"https:\/\/www.eduprotic.cl\/wordpress\/wp-content\/uploads\/2024\/05\/Vista-Dia-1024x574.png\" alt=\"\" class=\"wp-image-457\" style=\"width:644px;height:auto\" srcset=\"https:\/\/www.eduprotic.cl\/wordpress\/wp-content\/uploads\/2024\/05\/Vista-Dia-1024x574.png 1024w, https:\/\/www.eduprotic.cl\/wordpress\/wp-content\/uploads\/2024\/05\/Vista-Dia-300x168.png 300w, https:\/\/www.eduprotic.cl\/wordpress\/wp-content\/uploads\/2024\/05\/Vista-Dia-768x430.png 768w, https:\/\/www.eduprotic.cl\/wordpress\/wp-content\/uploads\/2024\/05\/Vista-Dia-1536x861.png 1536w, https:\/\/www.eduprotic.cl\/wordpress\/wp-content\/uploads\/2024\/05\/Vista-Dia-560x315.png 560w, https:\/\/www.eduprotic.cl\/wordpress\/wp-content\/uploads\/2024\/05\/Vista-Dia-1920x1076.png 1920w\" sizes=\"auto, (max-width: 1024px) 100vw, 1024px\" \/><\/figure>\n<\/div>\n\n\n<p><\/p>\n\n\n\n<p>Ahora se agrega un cuadro resumen con la <strong>cantidad de presentes y ausentes por bloque<\/strong>, destacando en amarillo el bloque SIGE. (Cuadro siguiente)<\/p>\n\n\n<div class=\"wp-block-image\">\n<figure class=\"aligncenter size-full is-resized\"><img loading=\"lazy\" decoding=\"async\" width=\"706\" height=\"522\" src=\"https:\/\/www.eduprotic.cl\/wordpress\/wp-content\/uploads\/2024\/05\/Bloque_asis-1.png\" alt=\"\" class=\"wp-image-459\" style=\"width:346px;height:auto\" srcset=\"https:\/\/www.eduprotic.cl\/wordpress\/wp-content\/uploads\/2024\/05\/Bloque_asis-1.png 706w, https:\/\/www.eduprotic.cl\/wordpress\/wp-content\/uploads\/2024\/05\/Bloque_asis-1-300x222.png 300w\" sizes=\"auto, (max-width: 706px) 100vw, 706px\" \/><\/figure>\n<\/div>\n\n\n<p><\/p>\n\n\n\n<p>Y tambi\u00e9n al escoger la opci\u00f3n de <strong>todos los curso del colegio<\/strong> se puede ver el <strong>consolidado de la cantidad de presentes y ausentes por bloqu<\/strong>e en todos los cursos, en la parte de m\u00e1s abajo de esa vista. (Cuadro siguiente)<\/p>\n\n\n<div class=\"wp-block-image\">\n<figure class=\"aligncenter size-large is-resized\"><img loading=\"lazy\" decoding=\"async\" width=\"1024\" height=\"578\" src=\"https:\/\/www.eduprotic.cl\/wordpress\/wp-content\/uploads\/2024\/05\/Bloques-1-1024x578.png\" alt=\"\" class=\"wp-image-476\" style=\"width:930px;height:auto\" srcset=\"https:\/\/www.eduprotic.cl\/wordpress\/wp-content\/uploads\/2024\/05\/Bloques-1-1024x578.png 1024w, https:\/\/www.eduprotic.cl\/wordpress\/wp-content\/uploads\/2024\/05\/Bloques-1-300x169.png 300w, https:\/\/www.eduprotic.cl\/wordpress\/wp-content\/uploads\/2024\/05\/Bloques-1-768x434.png 768w, https:\/\/www.eduprotic.cl\/wordpress\/wp-content\/uploads\/2024\/05\/Bloques-1-1536x867.png 1536w, https:\/\/www.eduprotic.cl\/wordpress\/wp-content\/uploads\/2024\/05\/Bloques-1-560x315.png 560w, https:\/\/www.eduprotic.cl\/wordpress\/wp-content\/uploads\/2024\/05\/Bloques-1.png 1902w\" sizes=\"auto, (max-width: 1024px) 100vw, 1024px\" \/><\/figure>\n<\/div>","protected":false},"excerpt":{"rendered":"<p>Se ha incorporado nueva informaci\u00f3n en la vista de la asistencia diaria que se utiliza para ver la asistencia del Bloque SIGE. Esto se encuentra en Reportes, Participaci\u00f3n, Asistencia, Registro del d\u00eda. Junto con la informaci\u00f3n que ya se entregaba en este informe: Asistencia del d\u00eda de cada estudiante en el bloque SIGE, Cantidad de [&hellip;]<\/p>\n","protected":false},"author":2,"featured_media":454,"comment_status":"closed","ping_status":"closed","sticky":false,"template":"","format":"standard","meta":{"footnotes":""},"categories":[5],"tags":[],"class_list":["post-452","post","type-post","status-publish","format-standard","has-post-thumbnail","hentry","category-cmi"],"_links":{"self":[{"href":"https:\/\/www.eduprotic.cl\/wordpress\/wp-json\/wp\/v2\/posts\/452","targetHints":{"allow":["GET"]}}],"collection":[{"href":"https:\/\/www.eduprotic.cl\/wordpress\/wp-json\/wp\/v2\/posts"}],"about":[{"href":"https:\/\/www.eduprotic.cl\/wordpress\/wp-json\/wp\/v2\/types\/post"}],"author":[{"embeddable":true,"href":"https:\/\/www.eduprotic.cl\/wordpress\/wp-json\/wp\/v2\/users\/2"}],"replies":[{"embeddable":true,"href":"https:\/\/www.eduprotic.cl\/wordpress\/wp-json\/wp\/v2\/comments?post=452"}],"version-history":[{"count":10,"href":"https:\/\/www.eduprotic.cl\/wordpress\/wp-json\/wp\/v2\/posts\/452\/revisions"}],"predecessor-version":[{"id":477,"href":"https:\/\/www.eduprotic.cl\/wordpress\/wp-json\/wp\/v2\/posts\/452\/revisions\/477"}],"wp:featuredmedia":[{"embeddable":true,"href":"https:\/\/www.eduprotic.cl\/wordpress\/wp-json\/wp\/v2\/media\/454"}],"wp:attachment":[{"href":"https:\/\/www.eduprotic.cl\/wordpress\/wp-json\/wp\/v2\/media?parent=452"}],"wp:term":[{"taxonomy":"category","embeddable":true,"href":"https:\/\/www.eduprotic.cl\/wordpress\/wp-json\/wp\/v2\/categories?post=452"},{"taxonomy":"post_tag","embeddable":true,"href":"https:\/\/www.eduprotic.cl\/wordpress\/wp-json\/wp\/v2\/tags?post=452"}],"curies":[{"name":"wp","href":"https:\/\/api.w.org\/{rel}","templated":true}]}}