{"id":560,"date":"2024-09-05T10:22:34","date_gmt":"2024-09-05T13:22:34","guid":{"rendered":"https:\/\/www.eduprotic.cl\/wordpress\/?p=560"},"modified":"2024-09-05T10:23:36","modified_gmt":"2024-09-05T13:23:36","slug":"capacitacion-en-impresion-3d","status":"publish","type":"post","link":"https:\/\/www.eduprotic.cl\/wordpress\/2024\/09\/05\/capacitacion-en-impresion-3d\/","title":{"rendered":"Capacitaci\u00f3n en Impresi\u00f3n 3D"},"content":{"rendered":"\n<p>En un esfuerzo por integrar tecnolog\u00edas en la educaci\u00f3n, se llev\u00f3 a cabo una capacitaci\u00f3n sobre el uso de la impresi\u00f3n 3D con fines educativos en la comuna de Alhu\u00e9. La formaci\u00f3n, que se realiz\u00f3 con la participaci\u00f3n de docentes de distintos colegios, fue muy positiva y representa un gran paso hacia la actualizaci\u00f3n de las pr\u00e1cticas pedag\u00f3gicas en la comuna.<\/p>\n\n\n\n<figure class=\"wp-block-gallery has-nested-images columns-default is-cropped wp-block-gallery-1 is-layout-flex wp-block-gallery-is-layout-flex\">\n<figure class=\"wp-block-image size-large\"><img loading=\"lazy\" decoding=\"async\" width=\"1024\" height=\"768\" data-id=\"565\" src=\"https:\/\/www.eduprotic.cl\/wordpress\/wp-content\/uploads\/2024\/08\/WhatsApp-Image-2024-08-26-at-12.20.49-1024x768.jpeg\" alt=\"\" class=\"wp-image-565\" srcset=\"https:\/\/www.eduprotic.cl\/wordpress\/wp-content\/uploads\/2024\/08\/WhatsApp-Image-2024-08-26-at-12.20.49-1024x768.jpeg 1024w, https:\/\/www.eduprotic.cl\/wordpress\/wp-content\/uploads\/2024\/08\/WhatsApp-Image-2024-08-26-at-12.20.49-300x225.jpeg 300w, https:\/\/www.eduprotic.cl\/wordpress\/wp-content\/uploads\/2024\/08\/WhatsApp-Image-2024-08-26-at-12.20.49-768x576.jpeg 768w, https:\/\/www.eduprotic.cl\/wordpress\/wp-content\/uploads\/2024\/08\/WhatsApp-Image-2024-08-26-at-12.20.49.jpeg 1280w\" sizes=\"auto, (max-width: 1024px) 100vw, 1024px\" \/><\/figure>\n\n\n\n<figure class=\"wp-block-image size-large\"><img loading=\"lazy\" decoding=\"async\" width=\"1024\" height=\"768\" data-id=\"564\" src=\"https:\/\/www.eduprotic.cl\/wordpress\/wp-content\/uploads\/2024\/08\/WhatsApp-Image-2024-08-26-at-12.20.49-1-1024x768.jpeg\" alt=\"\" class=\"wp-image-564\" srcset=\"https:\/\/www.eduprotic.cl\/wordpress\/wp-content\/uploads\/2024\/08\/WhatsApp-Image-2024-08-26-at-12.20.49-1-1024x768.jpeg 1024w, https:\/\/www.eduprotic.cl\/wordpress\/wp-content\/uploads\/2024\/08\/WhatsApp-Image-2024-08-26-at-12.20.49-1-300x225.jpeg 300w, https:\/\/www.eduprotic.cl\/wordpress\/wp-content\/uploads\/2024\/08\/WhatsApp-Image-2024-08-26-at-12.20.49-1-768x576.jpeg 768w, https:\/\/www.eduprotic.cl\/wordpress\/wp-content\/uploads\/2024\/08\/WhatsApp-Image-2024-08-26-at-12.20.49-1.jpeg 1280w\" sizes=\"auto, (max-width: 1024px) 100vw, 1024px\" \/><\/figure>\n\n\n\n<figure class=\"wp-block-image size-large\"><img loading=\"lazy\" decoding=\"async\" width=\"1024\" height=\"768\" data-id=\"566\" src=\"https:\/\/www.eduprotic.cl\/wordpress\/wp-content\/uploads\/2024\/08\/WhatsApp-Image-2024-08-26-at-12.20.49-2-1024x768.jpeg\" alt=\"\" class=\"wp-image-566\"\/><\/figure>\n<\/figure>\n\n\n\n<p><strong>Capacitaci\u00f3n Innovadora<br><\/strong>Durante la jornada, los participantes tuvieron la oportunidad de familiarizarse con los fundamentos de la impresi\u00f3n 3D, una tecnolog\u00eda que est\u00e1 aportando novedad a diferentes sectores y que ahora se pone al servicio de la educaci\u00f3n. La capacitaci\u00f3n incluy\u00f3 instrucciones detalladas sobre c\u00f3mo configurar y operar la impresora 3D modelo Creality K1, un dispositivo avanzado que se caracteriza por su precisi\u00f3n, velocidad y facilidad de uso.<\/p>\n\n\n\n<p>Los docentes no solo aprendieron a manejar la impresora, sino que tambi\u00e9n lograron imprimir sus primeros objetos en 3D, lo que les permiti\u00f3 experimentar de primera mano el potencial pedag\u00f3gico de esta tecnolog\u00eda. &#8220;Ha sido una experiencia enriquecedora y motivadora. Poder llevar esto a nuestras aulas abrir\u00e1 nuevas posibilidades para ense\u00f1ar conceptos de manera tangible y visual&#8221;, coment\u00f3 una de las docentes participantes.<\/p>\n\n\n\n<p><strong>Recursos Proporcionados a Cada Establecimiento<br><\/strong>Al finalizar la capacitaci\u00f3n, cada colegio recibi\u00f3 dos impresora Creality K1, junto con 5 kilos de filamento PLA, un material biodegradable que se utiliza en la impresi\u00f3n 3D. Adem\u00e1s, se les entreg\u00f3 un manual impreso de la capacitaci\u00f3n, dise\u00f1ado para servir como gu\u00eda en el uso cotidiano de la impresora y en la implementaci\u00f3n de proyectos educativos, con un repositorio de m\u00e1s de 100 archivos listos para imprimir.<\/p>\n\n\n\n<p><strong>Impacto en el Aula<br><\/strong>La incorporaci\u00f3n de impresoras 3D en los colegios tiene como objetivo enriquecer el aprendizaje en \u00e1reas como ciencias, matem\u00e1ticas, tecnolog\u00eda, y artes, permitiendo a los estudiantes materializar sus ideas y proyectos. Esta iniciativa no solo promueve la creatividad y la innovaci\u00f3n, sino que tambi\u00e9n fomenta el pensamiento cr\u00edtico y la resoluci\u00f3n de problemas, habilidades esenciales en el siglo XXI.<\/p>\n\n\n\n<p>El programa de capacitaci\u00f3n es solo el primer paso de un plan m\u00e1s amplio para incorporar tecnolog\u00eda en el sistema educativo. Se espera que, con el tiempo, m\u00e1s establecimientos se sumen a esta iniciativa y que la impresi\u00f3n 3D se convierta en una herramienta que aporte en el proceso de ense\u00f1anza-aprendizaje.<\/p>\n\n\n\n<figure class=\"wp-block-image size-large is-resized\"><img loading=\"lazy\" decoding=\"async\" width=\"1024\" height=\"768\" src=\"https:\/\/www.eduprotic.cl\/wordpress\/wp-content\/uploads\/2024\/08\/IMpresio\u0301n-3D_1-1024x768.jpeg\" alt=\"\" class=\"wp-image-562\" style=\"width:792px;height:auto\" srcset=\"https:\/\/www.eduprotic.cl\/wordpress\/wp-content\/uploads\/2024\/08\/IMpresio\u0301n-3D_1-1024x768.jpeg 1024w, https:\/\/www.eduprotic.cl\/wordpress\/wp-content\/uploads\/2024\/08\/IMpresio\u0301n-3D_1-300x225.jpeg 300w, https:\/\/www.eduprotic.cl\/wordpress\/wp-content\/uploads\/2024\/08\/IMpresio\u0301n-3D_1-768x576.jpeg 768w, https:\/\/www.eduprotic.cl\/wordpress\/wp-content\/uploads\/2024\/08\/IMpresio\u0301n-3D_1.jpeg 1280w\" sizes=\"auto, (max-width: 1024px) 100vw, 1024px\" \/><\/figure>\n","protected":false},"excerpt":{"rendered":"<p>En un esfuerzo por integrar tecnolog\u00edas en la educaci\u00f3n, se llev\u00f3 a cabo una capacitaci\u00f3n sobre el uso de la impresi\u00f3n 3D con fines educativos en la comuna de Alhu\u00e9. La formaci\u00f3n, que se realiz\u00f3 con la participaci\u00f3n de docentes de distintos colegios, fue muy positiva y representa un gran paso hacia la actualizaci\u00f3n de [&hellip;]<\/p>\n","protected":false},"author":2,"featured_media":566,"comment_status":"closed","ping_status":"closed","sticky":false,"template":"","format":"standard","meta":{"footnotes":""},"categories":[7],"tags":[],"class_list":["post-560","post","type-post","status-publish","format-standard","has-post-thumbnail","hentry","category-tecnologia"],"_links":{"self":[{"href":"https:\/\/www.eduprotic.cl\/wordpress\/wp-json\/wp\/v2\/posts\/560","targetHints":{"allow":["GET"]}}],"collection":[{"href":"https:\/\/www.eduprotic.cl\/wordpress\/wp-json\/wp\/v2\/posts"}],"about":[{"href":"https:\/\/www.eduprotic.cl\/wordpress\/wp-json\/wp\/v2\/types\/post"}],"author":[{"embeddable":true,"href":"https:\/\/www.eduprotic.cl\/wordpress\/wp-json\/wp\/v2\/users\/2"}],"replies":[{"embeddable":true,"href":"https:\/\/www.eduprotic.cl\/wordpress\/wp-json\/wp\/v2\/comments?post=560"}],"version-history":[{"count":5,"href":"https:\/\/www.eduprotic.cl\/wordpress\/wp-json\/wp\/v2\/posts\/560\/revisions"}],"predecessor-version":[{"id":580,"href":"https:\/\/www.eduprotic.cl\/wordpress\/wp-json\/wp\/v2\/posts\/560\/revisions\/580"}],"wp:featuredmedia":[{"embeddable":true,"href":"https:\/\/www.eduprotic.cl\/wordpress\/wp-json\/wp\/v2\/media\/566"}],"wp:attachment":[{"href":"https:\/\/www.eduprotic.cl\/wordpress\/wp-json\/wp\/v2\/media?parent=560"}],"wp:term":[{"taxonomy":"category","embeddable":true,"href":"https:\/\/www.eduprotic.cl\/wordpress\/wp-json\/wp\/v2\/categories?post=560"},{"taxonomy":"post_tag","embeddable":true,"href":"https:\/\/www.eduprotic.cl\/wordpress\/wp-json\/wp\/v2\/tags?post=560"}],"curies":[{"name":"wp","href":"https:\/\/api.w.org\/{rel}","templated":true}]}}