{"id":624,"date":"2024-11-10T22:29:36","date_gmt":"2024-11-11T01:29:36","guid":{"rendered":"https:\/\/www.eduprotic.cl\/wordpress\/?p=624"},"modified":"2024-11-11T10:35:40","modified_gmt":"2024-11-11T13:35:40","slug":"sugerencias-para-el-cierre-del-ano-academico","status":"publish","type":"post","link":"https:\/\/www.eduprotic.cl\/wordpress\/2024\/11\/10\/sugerencias-para-el-cierre-del-ano-academico\/","title":{"rendered":"Sugerencias para el Cierre del A\u00f1o Acad\u00e9mico"},"content":{"rendered":"\n<p>A continuaci\u00f3n les compartimos algunas consideraci\u00f3n para el cierre del a\u00f1o acad\u00e9mico. <\/p>\n\n\n\n<ol class=\"wp-block-list\">\n<li><strong>Bloquear Calificaciones<\/strong>: Asegurarse de que todas las calificaciones est\u00e9n registradas en el SIGE y proceder a bloquearlas para evitar modificaciones posteriores. Este bloqueo se puede realizar por curso.<\/li>\n\n\n\n<li><strong>Ajustar Decretos<\/strong>: Verificar que los decretos de Plan de Estudios y los c\u00f3digos de ense\u00f1anza sean los correctos para cada nivel acad\u00e9mico.<\/li>\n\n\n\n<li><strong>Promoci\u00f3n de Estudiantes<\/strong>: Realizar la promoci\u00f3n de estudiantes seleccionando el decreto y los art\u00edculos correspondientes. Este proceso podr\u00e1 ajustarse si es necesario en una etapa posterior.<\/li>\n\n\n\n<li><strong>Revisi\u00f3n de Borrador de Actas<\/strong>: Imprimir el borrador de actas para verificar que toda la informaci\u00f3n est\u00e9 correcta. Poner especial atenci\u00f3n en los c\u00f3digos RECH, las notas de asignaturas electivas y las promociones de estudiantes en situaciones especiales, como por asistencia.<\/li>\n\n\n\n<li><strong>Descargar Actas<\/strong>: Tras realizar los ajustes necesarios, descargar las actas en los formatos requeridos (archivos 4 y 5 para SIGE).<\/li>\n\n\n\n<li><strong>Subir Actas a SIGE<\/strong>: Cargar en SIGE los archivos descargados (4 y 5), ajustando detalles si es necesario, como el c\u00f3digo RECH.<\/li>\n\n\n\n<li><strong>Verificaci\u00f3n de Actas en SIGE<\/strong>: Descargar las actas desde SIGE y verificar que toda la informaci\u00f3n est\u00e9 correcta. Asegurarse de que los archivos del sistema CMI y los de SIGE sean id\u00e9nticos.<\/li>\n\n\n\n<li><strong>Proceso Finalizado<\/strong>: Una vez verificados todos los pasos y comprobada la coherencia de la informaci\u00f3n, el proceso de cierre acad\u00e9mico estar\u00e1 completo.<\/li>\n<\/ol>\n\n\n\n<p>Estas acciones ayudar\u00e1n a asegurar un cierre de a\u00f1o acad\u00e9mico ordenado y sin contratiempos.<\/p>\n\n\n\n<figure class=\"wp-block-gallery has-nested-images columns-default is-cropped wp-block-gallery-1 is-layout-flex wp-block-gallery-is-layout-flex\"><div class=\"wp-block-image\">\n<figure class=\"aligncenter size-large\"><img loading=\"lazy\" decoding=\"async\" width=\"1024\" height=\"576\" data-id=\"626\" src=\"https:\/\/www.eduprotic.cl\/wordpress\/wp-content\/uploads\/2024\/11\/Cierre-de-An\u0303o-2-1024x576.jpg\" alt=\"\" class=\"wp-image-626\" srcset=\"https:\/\/www.eduprotic.cl\/wordpress\/wp-content\/uploads\/2024\/11\/Cierre-de-An\u0303o-2-1024x576.jpg 1024w, https:\/\/www.eduprotic.cl\/wordpress\/wp-content\/uploads\/2024\/11\/Cierre-de-An\u0303o-2-300x169.jpg 300w, https:\/\/www.eduprotic.cl\/wordpress\/wp-content\/uploads\/2024\/11\/Cierre-de-An\u0303o-2-768x432.jpg 768w, https:\/\/www.eduprotic.cl\/wordpress\/wp-content\/uploads\/2024\/11\/Cierre-de-An\u0303o-2-1170x658.jpg 1170w, https:\/\/www.eduprotic.cl\/wordpress\/wp-content\/uploads\/2024\/11\/Cierre-de-An\u0303o-2-560x315.jpg 560w, https:\/\/www.eduprotic.cl\/wordpress\/wp-content\/uploads\/2024\/11\/Cierre-de-An\u0303o-2.jpg 1200w\" sizes=\"auto, (max-width: 1024px) 100vw, 1024px\" \/><\/figure>\n<\/div>\n\n\n<figure class=\"wp-block-image size-large\"><img loading=\"lazy\" decoding=\"async\" width=\"1024\" height=\"576\" data-id=\"627\" src=\"https:\/\/www.eduprotic.cl\/wordpress\/wp-content\/uploads\/2024\/11\/Cierre-de-An\u0303o-3-1024x576.jpg\" alt=\"\" class=\"wp-image-627\" srcset=\"https:\/\/www.eduprotic.cl\/wordpress\/wp-content\/uploads\/2024\/11\/Cierre-de-An\u0303o-3-1024x576.jpg 1024w, https:\/\/www.eduprotic.cl\/wordpress\/wp-content\/uploads\/2024\/11\/Cierre-de-An\u0303o-3-300x169.jpg 300w, https:\/\/www.eduprotic.cl\/wordpress\/wp-content\/uploads\/2024\/11\/Cierre-de-An\u0303o-3-768x432.jpg 768w, https:\/\/www.eduprotic.cl\/wordpress\/wp-content\/uploads\/2024\/11\/Cierre-de-An\u0303o-3-1170x658.jpg 1170w, https:\/\/www.eduprotic.cl\/wordpress\/wp-content\/uploads\/2024\/11\/Cierre-de-An\u0303o-3-560x315.jpg 560w, https:\/\/www.eduprotic.cl\/wordpress\/wp-content\/uploads\/2024\/11\/Cierre-de-An\u0303o-3.jpg 1200w\" sizes=\"auto, (max-width: 1024px) 100vw, 1024px\" \/><\/figure>\n<\/figure>\n","protected":false},"excerpt":{"rendered":"<p>A continuaci\u00f3n les compartimos algunas consideraci\u00f3n para el cierre del a\u00f1o acad\u00e9mico. Estas acciones ayudar\u00e1n a asegurar un cierre de a\u00f1o acad\u00e9mico ordenado y sin contratiempos.<\/p>\n","protected":false},"author":2,"featured_media":625,"comment_status":"closed","ping_status":"closed","sticky":false,"template":"","format":"standard","meta":{"footnotes":""},"categories":[5],"tags":[],"class_list":["post-624","post","type-post","status-publish","format-standard","has-post-thumbnail","hentry","category-cmi"],"_links":{"self":[{"href":"https:\/\/www.eduprotic.cl\/wordpress\/wp-json\/wp\/v2\/posts\/624","targetHints":{"allow":["GET"]}}],"collection":[{"href":"https:\/\/www.eduprotic.cl\/wordpress\/wp-json\/wp\/v2\/posts"}],"about":[{"href":"https:\/\/www.eduprotic.cl\/wordpress\/wp-json\/wp\/v2\/types\/post"}],"author":[{"embeddable":true,"href":"https:\/\/www.eduprotic.cl\/wordpress\/wp-json\/wp\/v2\/users\/2"}],"replies":[{"embeddable":true,"href":"https:\/\/www.eduprotic.cl\/wordpress\/wp-json\/wp\/v2\/comments?post=624"}],"version-history":[{"count":1,"href":"https:\/\/www.eduprotic.cl\/wordpress\/wp-json\/wp\/v2\/posts\/624\/revisions"}],"predecessor-version":[{"id":628,"href":"https:\/\/www.eduprotic.cl\/wordpress\/wp-json\/wp\/v2\/posts\/624\/revisions\/628"}],"wp:featuredmedia":[{"embeddable":true,"href":"https:\/\/www.eduprotic.cl\/wordpress\/wp-json\/wp\/v2\/media\/625"}],"wp:attachment":[{"href":"https:\/\/www.eduprotic.cl\/wordpress\/wp-json\/wp\/v2\/media?parent=624"}],"wp:term":[{"taxonomy":"category","embeddable":true,"href":"https:\/\/www.eduprotic.cl\/wordpress\/wp-json\/wp\/v2\/categories?post=624"},{"taxonomy":"post_tag","embeddable":true,"href":"https:\/\/www.eduprotic.cl\/wordpress\/wp-json\/wp\/v2\/tags?post=624"}],"curies":[{"name":"wp","href":"https:\/\/api.w.org\/{rel}","templated":true}]}}