{"id":71,"date":"2024-05-07T11:00:53","date_gmt":"2024-05-07T14:00:53","guid":{"rendered":"https:\/\/www.eduprotic.cl\/wordpress\/?p=71"},"modified":"2024-05-07T11:00:55","modified_gmt":"2024-05-07T14:00:55","slug":"horario-de-profesores","status":"publish","type":"post","link":"https:\/\/www.eduprotic.cl\/wordpress\/2024\/05\/07\/horario-de-profesores\/","title":{"rendered":"Horario de Profesores"},"content":{"rendered":"\n<p>Existe un nuevo reporte donde se pueden generar y descargar el horario de cada docente, luego de haber asignado los horarios de clases de cada curso.<\/p>\n\n\n\n<p>Esta informaci\u00f3n se puede generar en Reportes, Acad\u00e9micos, Cursos, Horarios profesores. All\u00ed escoge el docente del cual quiere generar su horario y le aparece una vista con ello, la cual tambi\u00e9n puede abrir en un formato para impresi\u00f3n.<\/p>\n\n\n\n<p><\/p>\n\n\n\n<figure class=\"wp-block-image size-large\"><img loading=\"lazy\" decoding=\"async\" width=\"1024\" height=\"412\" src=\"https:\/\/www.eduprotic.cl\/wordpress\/wp-content\/uploads\/2024\/03\/Captura-de-Pantalla-2024-03-21-a-las-10.39.07-1024x412.png\" alt=\"\" class=\"wp-image-72\" srcset=\"https:\/\/www.eduprotic.cl\/wordpress\/wp-content\/uploads\/2024\/03\/Captura-de-Pantalla-2024-03-21-a-las-10.39.07-1024x412.png 1024w, https:\/\/www.eduprotic.cl\/wordpress\/wp-content\/uploads\/2024\/03\/Captura-de-Pantalla-2024-03-21-a-las-10.39.07-300x121.png 300w, https:\/\/www.eduprotic.cl\/wordpress\/wp-content\/uploads\/2024\/03\/Captura-de-Pantalla-2024-03-21-a-las-10.39.07-768x309.png 768w, https:\/\/www.eduprotic.cl\/wordpress\/wp-content\/uploads\/2024\/03\/Captura-de-Pantalla-2024-03-21-a-las-10.39.07-1536x618.png 1536w\" sizes=\"auto, (max-width: 1024px) 100vw, 1024px\" \/><\/figure>\n","protected":false},"excerpt":{"rendered":"<p>Existe un nuevo reporte donde se pueden generar y descargar el horario de cada docente, luego de haber asignado los horarios de clases de cada curso. Esta informaci\u00f3n se puede generar en Reportes, Acad\u00e9micos, Cursos, Horarios profesores. All\u00ed escoge el docente del cual quiere generar su horario y le aparece una vista con ello, la [&hellip;]<\/p>\n","protected":false},"author":2,"featured_media":447,"comment_status":"closed","ping_status":"open","sticky":false,"template":"","format":"standard","meta":{"footnotes":""},"categories":[5],"tags":[],"class_list":["post-71","post","type-post","status-publish","format-standard","has-post-thumbnail","hentry","category-cmi"],"_links":{"self":[{"href":"https:\/\/www.eduprotic.cl\/wordpress\/wp-json\/wp\/v2\/posts\/71","targetHints":{"allow":["GET"]}}],"collection":[{"href":"https:\/\/www.eduprotic.cl\/wordpress\/wp-json\/wp\/v2\/posts"}],"about":[{"href":"https:\/\/www.eduprotic.cl\/wordpress\/wp-json\/wp\/v2\/types\/post"}],"author":[{"embeddable":true,"href":"https:\/\/www.eduprotic.cl\/wordpress\/wp-json\/wp\/v2\/users\/2"}],"replies":[{"embeddable":true,"href":"https:\/\/www.eduprotic.cl\/wordpress\/wp-json\/wp\/v2\/comments?post=71"}],"version-history":[{"count":1,"href":"https:\/\/www.eduprotic.cl\/wordpress\/wp-json\/wp\/v2\/posts\/71\/revisions"}],"predecessor-version":[{"id":73,"href":"https:\/\/www.eduprotic.cl\/wordpress\/wp-json\/wp\/v2\/posts\/71\/revisions\/73"}],"wp:featuredmedia":[{"embeddable":true,"href":"https:\/\/www.eduprotic.cl\/wordpress\/wp-json\/wp\/v2\/media\/447"}],"wp:attachment":[{"href":"https:\/\/www.eduprotic.cl\/wordpress\/wp-json\/wp\/v2\/media?parent=71"}],"wp:term":[{"taxonomy":"category","embeddable":true,"href":"https:\/\/www.eduprotic.cl\/wordpress\/wp-json\/wp\/v2\/categories?post=71"},{"taxonomy":"post_tag","embeddable":true,"href":"https:\/\/www.eduprotic.cl\/wordpress\/wp-json\/wp\/v2\/tags?post=71"}],"curies":[{"name":"wp","href":"https:\/\/api.w.org\/{rel}","templated":true}]}}