{"id":720,"date":"2025-05-21T01:34:52","date_gmt":"2025-05-21T04:34:52","guid":{"rendered":"https:\/\/www.eduprotic.cl\/wordpress\/?p=720"},"modified":"2025-05-23T18:22:11","modified_gmt":"2025-05-23T21:22:11","slug":"eduprotic-participara-en-fermadi-2025-con-innovacion-en-tecnologia-educativa","status":"publish","type":"post","link":"https:\/\/www.eduprotic.cl\/wordpress\/2025\/05\/21\/eduprotic-participara-en-fermadi-2025-con-innovacion-en-tecnologia-educativa\/","title":{"rendered":"Eduprotic participar\u00e1 en FERMADI 2025 con innovaci\u00f3n en tecnolog\u00eda educativa"},"content":{"rendered":"\n<p>Eduprotic ser\u00e1 parte de la esperada Feria de Material Did\u00e1ctico y Equipamiento Educativo <strong>FERMADI 2025<\/strong>, que se realizar\u00e1 los d\u00edas <strong>13 y 14 de junio en el Centro Cultural Estaci\u00f3n Mapocho en Santiago de Chile<\/strong>.<\/p>\n\n\n\n<p>En esta Feria, Eduprotic presentar\u00e1 sus principales productos y servicios orientados a la <strong>innovaci\u00f3n tecnol\u00f3gica aplicada a la gesti\u00f3n pedag\u00f3gica y educativa<\/strong>, reafirmando su compromiso con el desarrollo educativo de las comunidades escolares de Chile.<\/p>\n\n\n\n<p><strong>Productos con los que Eduprotic se har\u00e1 presente<\/strong><\/p>\n\n\n\n<p><strong>CMI Escolar:<\/strong><br>Plataforma de gesti\u00f3n escolar basada en el modelo Balanced Scorecard. Permite una visi\u00f3n integrada y en tiempo real de los procesos escolares. Incluye m\u00f3dulos como libro de clases digital, planificaci\u00f3n del PME SEP, inventario, biblioteca CRA, gesti\u00f3n de ACLE, reuniones de apoderados, control JUNAEB, mensajer\u00eda autom\u00e1tica, y mucho m\u00e1s. <a href=\"https:\/\/www.eduprotic.cl\/wordpress\/cmi-escolar-sistema-de-gestion-educativa\/\">M\u00e1s informaci\u00f3n ac\u00e1.<\/a><\/p>\n\n\n\n<figure class=\"wp-block-embed is-type-wp-embed is-provider-eduprotic wp-block-embed-eduprotic\"><div class=\"wp-block-embed__wrapper\">\n<blockquote class=\"wp-embedded-content\" data-secret=\"uAxX9JHalS\"><a href=\"https:\/\/www.eduprotic.cl\/wordpress\/cmi-escolar-sistema-de-gestion-educativa\/\">CMI Escolar<\/a><\/blockquote><iframe loading=\"lazy\" class=\"wp-embedded-content\" sandbox=\"allow-scripts\" security=\"restricted\" style=\"position: absolute; visibility: hidden;\" title=\"&#8220;CMI Escolar&#8221; &#8212; EDUPROTIC\" src=\"https:\/\/www.eduprotic.cl\/wordpress\/cmi-escolar-sistema-de-gestion-educativa\/embed\/#?secret=o1cVk374Ih#?secret=uAxX9JHalS\" data-secret=\"uAxX9JHalS\" width=\"600\" height=\"338\" frameborder=\"0\" marginwidth=\"0\" marginheight=\"0\" scrolling=\"no\"><\/iframe>\n<\/div><\/figure>\n\n\n\n<p><strong>TICTEST:<\/strong><br>Sistema de evaluaciones adaptativas por habilidades. A trav\u00e9s de un algoritmo din\u00e1mico, cada estudiante responde una prueba personalizada seg\u00fan su desempe\u00f1o, generando informes por estudiante y curso. <a href=\"https:\/\/www.eduprotic.cl\/wordpress\/tictest\/\">M\u00e1s informaci\u00f3n aqu\u00ed.<\/a><\/p>\n\n\n\n<p><\/p>\n\n\n\n<p><strong>LEGERE:<\/strong><br>Plataforma de evaluaci\u00f3n y monitoreo del dominio lector y la producci\u00f3n de textos, con posibilidad de m\u00faltiples aplicaciones a lo largo del a\u00f1o. <a href=\"https:\/\/www.eduprotic.cl\/wordpress\/legere-mide-la-comprension-y-velocidad-lectora\/\">M\u00e1s informaci\u00f3n aqu\u00ed:<\/a><\/p>\n\n\n\n<figure class=\"wp-block-embed is-type-wp-embed is-provider-eduprotic wp-block-embed-eduprotic\"><div class=\"wp-block-embed__wrapper\">\n<blockquote class=\"wp-embedded-content\" data-secret=\"FcA1Lhe5XT\"><a href=\"https:\/\/www.eduprotic.cl\/wordpress\/legere-mide-la-comprension-y-velocidad-lectora\/\">Legere<\/a><\/blockquote><iframe loading=\"lazy\" class=\"wp-embedded-content\" sandbox=\"allow-scripts\" security=\"restricted\" style=\"position: absolute; visibility: hidden;\" title=\"&#8220;Legere&#8221; &#8212; EDUPROTIC\" src=\"https:\/\/www.eduprotic.cl\/wordpress\/legere-mide-la-comprension-y-velocidad-lectora\/embed\/#?secret=oYD3oPuAvA#?secret=FcA1Lhe5XT\" data-secret=\"FcA1Lhe5XT\" width=\"600\" height=\"338\" frameborder=\"0\" marginwidth=\"0\" marginheight=\"0\" scrolling=\"no\"><\/iframe>\n<\/div><\/figure>\n\n\n\n<p><strong>4. Material pedag\u00f3gico innovador:<\/strong><\/p>\n\n\n\n<ul class=\"wp-block-list\">\n<li><strong>N\u00fameros 3D para aprender a sumar:<\/strong> Fabricados en filamento de almid\u00f3n de ma\u00edz, seguros y manipulables.<\/li>\n\n\n\n<li><strong>Token para firma digital:<\/strong> Dispositivo f\u00edsico para firmar el libro de clases digital, sin necesidad de internet ni celular personal, cumpliendo con los requerimientos del MINEDUC.<\/li>\n\n\n\n<li><strong>Futbot:<\/strong> Juego de f\u00fatbol con robots programados por estudiantes. Fomenta creatividad, trabajo en equipo y pensamiento computacional con piezas impresas en 3D y electr\u00f3nica basada en Arduino. <a href=\"https:\/\/www.eduprotic.cl\/wordpress\/dispositivos-para-firma-de-libro-de-clases-digital\/\">M\u00e1s informaci\u00f3n aqu\u00ed.<\/a><\/li>\n<\/ul>\n\n\n\n<figure class=\"wp-block-embed is-type-wp-embed is-provider-eduprotic wp-block-embed-eduprotic\"><div class=\"wp-block-embed__wrapper\">\n<blockquote class=\"wp-embedded-content\" data-secret=\"hbrrLokaAf\"><a href=\"https:\/\/www.eduprotic.cl\/wordpress\/dispositivos-para-firma-de-libro-de-clases-digital\/\">Dispositivos y recursos<\/a><\/blockquote><iframe loading=\"lazy\" class=\"wp-embedded-content\" sandbox=\"allow-scripts\" security=\"restricted\" style=\"position: absolute; visibility: hidden;\" title=\"&#8220;Dispositivos y recursos&#8221; &#8212; EDUPROTIC\" src=\"https:\/\/www.eduprotic.cl\/wordpress\/dispositivos-para-firma-de-libro-de-clases-digital\/embed\/#?secret=0wG8C6eU16#?secret=hbrrLokaAf\" data-secret=\"hbrrLokaAf\" width=\"600\" height=\"338\" frameborder=\"0\" marginwidth=\"0\" marginheight=\"0\" scrolling=\"no\"><\/iframe>\n<\/div><\/figure>\n\n\n\n<p><strong>\u00bfQu\u00e9 es FERMADI?<\/strong><\/p>\n\n\n\n<p>FERMADI (Feria de Material Did\u00e1ctico y Equipamiento Educativo) es una hist\u00f3rica iniciativa organizada por la Federaci\u00f3n de Instituciones de Educaci\u00f3n Particular (FIDE). Su misi\u00f3n es crear un espacio de encuentro y colaboraci\u00f3n entre actores del mundo educativo, reuniendo a <strong>m\u00e1s de 20 mil participantes<\/strong>, entre sostenedores, docentes, estudiantes y familias.<\/p>\n\n\n\n<p>La feria incluye seminarios gratuitos para p\u00e1rvulos y educaci\u00f3n t\u00e9cnico-profesional, y busca visibilizar experiencias educativas de calidad, inclusi\u00f3n y uso creativo de recursos pedag\u00f3gicos.<\/p>\n\n\n\n<hr class=\"wp-block-separator has-alpha-channel-opacity\"\/>\n\n\n\n<p><strong>Eduprotic invita a todos quienes tienen su quehacer en una comunidad educativa a visitar &nbsp;FERMADI 2025, especialmente el stand de Eduprotic<\/strong>, explorar sus soluciones tecnol\u00f3gicas y sumarse a una experiencia transformadora para la educaci\u00f3n del presente y el futuro.<\/p>\n","protected":false},"excerpt":{"rendered":"<p>Eduprotic ser\u00e1 parte de la esperada Feria de Material Did\u00e1ctico y Equipamiento Educativo FERMADI 2025, que se realizar\u00e1 los d\u00edas 13 y 14 de junio en el Centro Cultural Estaci\u00f3n Mapocho en Santiago de Chile. En esta Feria, Eduprotic presentar\u00e1 sus principales productos y servicios orientados a la innovaci\u00f3n tecnol\u00f3gica aplicada a la gesti\u00f3n pedag\u00f3gica [&hellip;]<\/p>\n","protected":false},"author":2,"featured_media":721,"comment_status":"closed","ping_status":"closed","sticky":false,"template":"","format":"standard","meta":{"footnotes":""},"categories":[1],"tags":[21],"class_list":["post-720","post","type-post","status-publish","format-standard","has-post-thumbnail","hentry","category-sin-categoria","tag-fermandi"],"_links":{"self":[{"href":"https:\/\/www.eduprotic.cl\/wordpress\/wp-json\/wp\/v2\/posts\/720","targetHints":{"allow":["GET"]}}],"collection":[{"href":"https:\/\/www.eduprotic.cl\/wordpress\/wp-json\/wp\/v2\/posts"}],"about":[{"href":"https:\/\/www.eduprotic.cl\/wordpress\/wp-json\/wp\/v2\/types\/post"}],"author":[{"embeddable":true,"href":"https:\/\/www.eduprotic.cl\/wordpress\/wp-json\/wp\/v2\/users\/2"}],"replies":[{"embeddable":true,"href":"https:\/\/www.eduprotic.cl\/wordpress\/wp-json\/wp\/v2\/comments?post=720"}],"version-history":[{"count":4,"href":"https:\/\/www.eduprotic.cl\/wordpress\/wp-json\/wp\/v2\/posts\/720\/revisions"}],"predecessor-version":[{"id":742,"href":"https:\/\/www.eduprotic.cl\/wordpress\/wp-json\/wp\/v2\/posts\/720\/revisions\/742"}],"wp:featuredmedia":[{"embeddable":true,"href":"https:\/\/www.eduprotic.cl\/wordpress\/wp-json\/wp\/v2\/media\/721"}],"wp:attachment":[{"href":"https:\/\/www.eduprotic.cl\/wordpress\/wp-json\/wp\/v2\/media?parent=720"}],"wp:term":[{"taxonomy":"category","embeddable":true,"href":"https:\/\/www.eduprotic.cl\/wordpress\/wp-json\/wp\/v2\/categories?post=720"},{"taxonomy":"post_tag","embeddable":true,"href":"https:\/\/www.eduprotic.cl\/wordpress\/wp-json\/wp\/v2\/tags?post=720"}],"curies":[{"name":"wp","href":"https:\/\/api.w.org\/{rel}","templated":true}]}}