{"id":791,"date":"2025-09-23T09:20:19","date_gmt":"2025-09-23T12:20:19","guid":{"rendered":"https:\/\/www.eduprotic.cl\/wordpress\/?p=791"},"modified":"2025-09-23T09:21:00","modified_gmt":"2025-09-23T12:21:00","slug":"eduprotic-participa-en-encuentro-clamared-2025-en-malloco","status":"publish","type":"post","link":"https:\/\/www.eduprotic.cl\/wordpress\/2025\/09\/23\/eduprotic-participa-en-encuentro-clamared-2025-en-malloco\/","title":{"rendered":"Eduprotic participa en Encuentro CLAMARED 2025 en Malloco"},"content":{"rendered":"\n<h2 class=\"wp-block-heading\">Eduprotic participa en Encuentro CLAMARED 2025 en Malloco<\/h2>\n\n\n\n<p>El pasado <strong>martes 2 de septiembre<\/strong>, <strong>Marcelo Gonz\u00e1lez<\/strong> y <strong>Hip\u00f3lito Rocha<\/strong>, integrantes de <strong>Eduprotic<\/strong>, participaron como expositores en el <strong>Encuentro CLAMARED<\/strong>, organizado por la <strong>Red Educativa Marianista de Am\u00e9rica Latina (<a href=\"http:\/\/www.clamared.net\">www.clamared.net<\/a>)<\/strong>, que se desarroll\u00f3 en <strong>Malloco, Santiago de Chile<\/strong>, entre el <strong>1 y el 6 de septiembre de 2025<\/strong>.<\/p>\n\n\n\n<p>La presentaci\u00f3n de Marcelo e Hip\u00f3lito estuvo enfocada en la <strong>necesidad de formaci\u00f3n docente en Inteligencia Artificial<\/strong>, tema que hoy se vuelve clave para acompa\u00f1ar a educadores y estudiantes en los desaf\u00edos del presente y del futuro.<\/p>\n\n\n\n<p>El encuentro, bajo el lema <strong>\u201cCompartir en familia, aprender unos de otros y fortalecer la Educaci\u00f3n Marianista de Am\u00e9rica Latina\u201d<\/strong>, ofreci\u00f3 un espacio de reflexi\u00f3n y aprendizaje en torno a la <strong>Formaci\u00f3n de Educadores para la Misi\u00f3n<\/strong>.<\/p>\n\n\n\n<p>Durante la jornada del martes, se abordaron tem\u00e1ticas como:<\/p>\n\n\n\n<ul class=\"wp-block-list\">\n<li><strong>Sociedad, Educaci\u00f3n y Educadores: desaf\u00edos de futuro<\/strong>, con charla de un acad\u00e9mico y di\u00e1logo dirigido.<\/li>\n\n\n\n<li>La <strong>\u201cGu\u00eda de Formaci\u00f3n de Educadores Marianistas\u201d<\/strong> (Documento CLAMARED), y c\u00f3mo aplicarlo en las obras educativas.<\/li>\n\n\n\n<li>Presentaci\u00f3n y an\u00e1lisis de <strong>experiencias destacadas de formaci\u00f3n de educadores<\/strong>, identificando factores de \u00e9xito y fracaso como aprendizajes para el futuro.<\/li>\n<\/ul>\n\n\n\n<p>La intervenci\u00f3n de Eduprotic permiti\u00f3 abrir un di\u00e1logo sobre el rol de la <strong>IA en la educaci\u00f3n<\/strong> y la importancia de preparar a los docentes para que integren estas herramientas con sentido pedag\u00f3gico, \u00e9tico y humanizador.<\/p>\n\n\n\n<p>Eduprotic, junto a sus colaboradores, se ha especializado en la formaci\u00f3n e implementaci\u00f3n en procesos de innovaci\u00f3n educativa, acompa\u00f1ando a comunidades educativa en el camino de la transformaci\u00f3n digital y pedag\u00f3gica.<\/p>\n\n\n\n<figure class=\"wp-block-gallery has-nested-images columns-default is-cropped wp-block-gallery-1 is-layout-flex wp-block-gallery-is-layout-flex\">\n<figure class=\"wp-block-image size-large\"><img loading=\"lazy\" decoding=\"async\" width=\"1024\" height=\"768\" data-id=\"792\" src=\"https:\/\/www.eduprotic.cl\/wordpress\/wp-content\/uploads\/2025\/09\/Marianistas-1-1024x768.jpeg\" alt=\"\" class=\"wp-image-792\" srcset=\"https:\/\/www.eduprotic.cl\/wordpress\/wp-content\/uploads\/2025\/09\/Marianistas-1-1024x768.jpeg 1024w, https:\/\/www.eduprotic.cl\/wordpress\/wp-content\/uploads\/2025\/09\/Marianistas-1-300x225.jpeg 300w, https:\/\/www.eduprotic.cl\/wordpress\/wp-content\/uploads\/2025\/09\/Marianistas-1-768x576.jpeg 768w, https:\/\/www.eduprotic.cl\/wordpress\/wp-content\/uploads\/2025\/09\/Marianistas-1-1536x1152.jpeg 1536w, https:\/\/www.eduprotic.cl\/wordpress\/wp-content\/uploads\/2025\/09\/Marianistas-1.jpeg 1600w\" sizes=\"auto, (max-width: 1024px) 100vw, 1024px\" \/><\/figure>\n\n\n\n<figure class=\"wp-block-image size-large\"><img loading=\"lazy\" decoding=\"async\" width=\"1024\" height=\"768\" data-id=\"793\" src=\"https:\/\/www.eduprotic.cl\/wordpress\/wp-content\/uploads\/2025\/09\/Marianistas-2-1024x768.jpeg\" alt=\"\" class=\"wp-image-793\" srcset=\"https:\/\/www.eduprotic.cl\/wordpress\/wp-content\/uploads\/2025\/09\/Marianistas-2-1024x768.jpeg 1024w, https:\/\/www.eduprotic.cl\/wordpress\/wp-content\/uploads\/2025\/09\/Marianistas-2-300x225.jpeg 300w, https:\/\/www.eduprotic.cl\/wordpress\/wp-content\/uploads\/2025\/09\/Marianistas-2-768x576.jpeg 768w, https:\/\/www.eduprotic.cl\/wordpress\/wp-content\/uploads\/2025\/09\/Marianistas-2-1536x1152.jpeg 1536w, https:\/\/www.eduprotic.cl\/wordpress\/wp-content\/uploads\/2025\/09\/Marianistas-2.jpeg 1600w\" sizes=\"auto, (max-width: 1024px) 100vw, 1024px\" \/><\/figure>\n\n\n\n<figure class=\"wp-block-image size-large\"><img loading=\"lazy\" decoding=\"async\" width=\"1024\" height=\"768\" data-id=\"795\" src=\"https:\/\/www.eduprotic.cl\/wordpress\/wp-content\/uploads\/2025\/09\/Marianistas-3-1024x768.jpeg\" alt=\"\" class=\"wp-image-795\" srcset=\"https:\/\/www.eduprotic.cl\/wordpress\/wp-content\/uploads\/2025\/09\/Marianistas-3-1024x768.jpeg 1024w, https:\/\/www.eduprotic.cl\/wordpress\/wp-content\/uploads\/2025\/09\/Marianistas-3-300x225.jpeg 300w, https:\/\/www.eduprotic.cl\/wordpress\/wp-content\/uploads\/2025\/09\/Marianistas-3-768x576.jpeg 768w, https:\/\/www.eduprotic.cl\/wordpress\/wp-content\/uploads\/2025\/09\/Marianistas-3.jpeg 1280w\" sizes=\"auto, (max-width: 1024px) 100vw, 1024px\" \/><\/figure>\n\n\n\n<figure class=\"wp-block-image size-large\"><img loading=\"lazy\" decoding=\"async\" width=\"1024\" height=\"768\" data-id=\"796\" src=\"https:\/\/www.eduprotic.cl\/wordpress\/wp-content\/uploads\/2025\/09\/Marianistas-4-1024x768.jpeg\" alt=\"\" class=\"wp-image-796\" srcset=\"https:\/\/www.eduprotic.cl\/wordpress\/wp-content\/uploads\/2025\/09\/Marianistas-4-1024x768.jpeg 1024w, https:\/\/www.eduprotic.cl\/wordpress\/wp-content\/uploads\/2025\/09\/Marianistas-4-300x225.jpeg 300w, https:\/\/www.eduprotic.cl\/wordpress\/wp-content\/uploads\/2025\/09\/Marianistas-4-768x576.jpeg 768w, https:\/\/www.eduprotic.cl\/wordpress\/wp-content\/uploads\/2025\/09\/Marianistas-4.jpeg 1280w\" sizes=\"auto, (max-width: 1024px) 100vw, 1024px\" \/><\/figure>\n\n\n\n<figure class=\"wp-block-image size-large\"><img loading=\"lazy\" decoding=\"async\" width=\"1024\" height=\"768\" data-id=\"794\" src=\"https:\/\/www.eduprotic.cl\/wordpress\/wp-content\/uploads\/2025\/09\/Marianistas-5-1024x768.jpeg\" alt=\"\" class=\"wp-image-794\" srcset=\"https:\/\/www.eduprotic.cl\/wordpress\/wp-content\/uploads\/2025\/09\/Marianistas-5-1024x768.jpeg 1024w, https:\/\/www.eduprotic.cl\/wordpress\/wp-content\/uploads\/2025\/09\/Marianistas-5-300x225.jpeg 300w, https:\/\/www.eduprotic.cl\/wordpress\/wp-content\/uploads\/2025\/09\/Marianistas-5-768x576.jpeg 768w, https:\/\/www.eduprotic.cl\/wordpress\/wp-content\/uploads\/2025\/09\/Marianistas-5.jpeg 1280w\" sizes=\"auto, (max-width: 1024px) 100vw, 1024px\" \/><\/figure>\n\n\n\n<figure class=\"wp-block-image size-large\"><img loading=\"lazy\" decoding=\"async\" width=\"1024\" height=\"768\" data-id=\"797\" src=\"https:\/\/www.eduprotic.cl\/wordpress\/wp-content\/uploads\/2025\/09\/Marianistas-6-1024x768.jpeg\" alt=\"\" class=\"wp-image-797\" srcset=\"https:\/\/www.eduprotic.cl\/wordpress\/wp-content\/uploads\/2025\/09\/Marianistas-6-1024x768.jpeg 1024w, https:\/\/www.eduprotic.cl\/wordpress\/wp-content\/uploads\/2025\/09\/Marianistas-6-300x225.jpeg 300w, https:\/\/www.eduprotic.cl\/wordpress\/wp-content\/uploads\/2025\/09\/Marianistas-6-768x576.jpeg 768w, https:\/\/www.eduprotic.cl\/wordpress\/wp-content\/uploads\/2025\/09\/Marianistas-6.jpeg 1280w\" sizes=\"auto, (max-width: 1024px) 100vw, 1024px\" \/><\/figure>\n<\/figure>\n","protected":false},"excerpt":{"rendered":"<p>Eduprotic participa en Encuentro CLAMARED 2025 en Malloco El pasado martes 2 de septiembre, Marcelo Gonz\u00e1lez y Hip\u00f3lito Rocha, integrantes de Eduprotic, participaron como expositores en el Encuentro CLAMARED, organizado por la Red Educativa Marianista de Am\u00e9rica Latina (www.clamared.net), que se desarroll\u00f3 en Malloco, Santiago de Chile, entre el 1 y el 6 de septiembre [&hellip;]<\/p>\n","protected":false},"author":2,"featured_media":792,"comment_status":"closed","ping_status":"closed","sticky":false,"template":"","format":"standard","meta":{"footnotes":""},"categories":[1],"tags":[],"class_list":["post-791","post","type-post","status-publish","format-standard","has-post-thumbnail","hentry","category-sin-categoria"],"_links":{"self":[{"href":"https:\/\/www.eduprotic.cl\/wordpress\/wp-json\/wp\/v2\/posts\/791","targetHints":{"allow":["GET"]}}],"collection":[{"href":"https:\/\/www.eduprotic.cl\/wordpress\/wp-json\/wp\/v2\/posts"}],"about":[{"href":"https:\/\/www.eduprotic.cl\/wordpress\/wp-json\/wp\/v2\/types\/post"}],"author":[{"embeddable":true,"href":"https:\/\/www.eduprotic.cl\/wordpress\/wp-json\/wp\/v2\/users\/2"}],"replies":[{"embeddable":true,"href":"https:\/\/www.eduprotic.cl\/wordpress\/wp-json\/wp\/v2\/comments?post=791"}],"version-history":[{"count":1,"href":"https:\/\/www.eduprotic.cl\/wordpress\/wp-json\/wp\/v2\/posts\/791\/revisions"}],"predecessor-version":[{"id":798,"href":"https:\/\/www.eduprotic.cl\/wordpress\/wp-json\/wp\/v2\/posts\/791\/revisions\/798"}],"wp:featuredmedia":[{"embeddable":true,"href":"https:\/\/www.eduprotic.cl\/wordpress\/wp-json\/wp\/v2\/media\/792"}],"wp:attachment":[{"href":"https:\/\/www.eduprotic.cl\/wordpress\/wp-json\/wp\/v2\/media?parent=791"}],"wp:term":[{"taxonomy":"category","embeddable":true,"href":"https:\/\/www.eduprotic.cl\/wordpress\/wp-json\/wp\/v2\/categories?post=791"},{"taxonomy":"post_tag","embeddable":true,"href":"https:\/\/www.eduprotic.cl\/wordpress\/wp-json\/wp\/v2\/tags?post=791"}],"curies":[{"name":"wp","href":"https:\/\/api.w.org\/{rel}","templated":true}]}}